{"id":16903,"date":"2026-08-31T14:54:34","date_gmt":"2026-08-31T12:54:34","guid":{"rendered":"https:\/\/sc-aix.fr\/?p=16903"},"modified":"2026-08-31T14:54:34","modified_gmt":"2026-08-31T12:54:34","slug":"decorhome-aix-en-provence-rejoint-laventure","status":"publish","type":"post","link":"https:\/\/sc-aix.fr\/index.php\/decorhome-aix-en-provence-rejoint-laventure\/","title":{"rendered":"D\u00e9cor\u2019Home Aix-en-Provence rejoint l\u2019aventure !"},"content":{"rendered":"<p class=\"PDq2pG_selectionAnchorContainer\" data-start=\"56\" data-end=\"217\">Le <strong data-start=\"59\" data-end=\"100\">Soccer Club Aix-en-Provence F\u00e9minines<\/strong> est heureux d\u2019accueillir <strong data-start=\"126\" data-end=\"156\">D\u00e9cor\u2019Home Aix-en-Provence<\/strong> parmi ses nouveaux partenaires pour la saison <strong data-start=\"203\" data-end=\"216\">2026\/2027<\/strong>.<\/p>\n<p data-start=\"219\" data-end=\"497\">Cette nouvelle collaboration repr\u00e9sente un soutien pr\u00e9cieux pour notre club et accompagne notre volont\u00e9 de poursuivre la <strong data-start=\"340\" data-end=\"415\">structuration et le d\u00e9veloppement du football f\u00e9minin \u00e0 Aix-en-Provence<\/strong>, de notre \u00c9cole de Football jusqu\u2019\u00e0 notre \u00e9quipe premi\u00e8re \u00e9voluant en R\u00e9gional 1.<\/p>\n<p data-start=\"499\" data-end=\"689\">Au-del\u00e0 du soutien apport\u00e9, nous sommes particuli\u00e8rement heureux de pouvoir nous entourer d\u2019<strong data-start=\"591\" data-end=\"688\">acteurs locaux qui choisissent de croire en notre projet et de participer \u00e0 son d\u00e9veloppement<\/strong>.<\/p>\n<p data-start=\"691\" data-end=\"841\">Nous adressons ainsi nos sinc\u00e8res remerciements <strong data-start=\"741\" data-end=\"789\">\u00e0 D\u00e9cor\u2019Home Aix-en-Provence<\/strong> pour leur confiance et leur engagement \u00e0 nos c\u00f4t\u00e9s.<\/p>\n<p data-start=\"843\" data-end=\"1050\">Chaque nouveau partenaire contribue \u00e0 nous permettre de grandir, d\u2019am\u00e9liorer l\u2019accompagnement de nos joueuses et de construire progressivement un projet f\u00e9minin ambitieux et durable sur le territoire aixois.<\/p>\n<p data-start=\"1052\" data-end=\"1122\"><strong data-start=\"1052\" data-end=\"1122\">Bienvenue \u00e0 D\u00e9cor\u2019Home Aix-en-Provence dans la famille SCAF ! \ud83d\udda4\ud83d\udc9b<\/strong><\/p>\n<p data-start=\"1124\" data-end=\"1150\" data-is-last-node=\"\" data-is-only-node=\"\"><strong data-start=\"1124\" data-end=\"1150\" data-is-last-node=\"\">ONE CLUB. ONE MISSION.<\/strong><\/p>\n<p><a href=\"https:\/\/www.leetchi.com\/fr\/c\/soutenez-le-developpement-du-sporting-club-aix-en-provence-feminin-1050893\"><img loading=\"lazy\" decoding=\"async\" class=\"wp-image-6471 size-full\" src=\"https:\/\/sc-aix.fr\/wp-content\/uploads\/2026\/03\/banner_leetchi2.gif\" alt=\"\" width=\"1340\" height=\"200\" \/><\/a><\/p>\n","protected":false},"excerpt":{"rendered":"<p>Le Soccer Club Aix-en-Provence F\u00e9minines est heureux d\u2019accueillir D\u00e9cor\u2019Home Aix-en-Provence parmi ses nouveaux partenaires pour la saison 2026\/2027. Cette nouvelle collaboration repr\u00e9sente un soutien pr\u00e9cieux pour notre club et accompagne notre volont\u00e9 de poursuivre la structuration et le d\u00e9veloppement du football f\u00e9minin \u00e0 Aix-en-Provence, de notre \u00c9cole de Football jusqu\u2019\u00e0 notre \u00e9quipe premi\u00e8re \u00e9voluant en&#8230;<\/p>\n","protected":false},"author":1,"featured_media":16905,"comment_status":"open","ping_status":"open","sticky":false,"template":"","format":"standard","meta":{"rs_blank_template":"","rs_page_bg_color":"","slide_template_v7":"","footnotes":""},"categories":[183,45],"tags":[53],"class_list":["post-16903","post","type-post","status-publish","format-standard","has-post-thumbnail","hentry","category-academie","category-club","tag-partenaires"],"yoast_head":"<!-- This site is optimized with the Yoast SEO plugin v28.3 - https:\/\/yoast.com\/product\/yoast-seo-wordpress\/ -->\n<title>D\u00e9cor\u2019Home Aix-en-Provence rejoint l\u2019aventure ! | Site officiel du Soccer Club Aix-en-Provence F\u00e9minines<\/title>\n<meta name=\"description\" content=\"Page actualit\u00e9s du club de football f\u00e9minin Soccer Club Aix-en-Provence fond\u00e9 en 2023 \u00e0 Aix-en-Provence pr\u00e8s de Luynes, Bouc Bel Air.\" \/>\n<meta name=\"robots\" content=\"index, follow, max-snippet:-1, max-image-preview:large, max-video-preview:-1\" \/>\n<link rel=\"canonical\" href=\"https:\/\/sc-aix.fr\/index.php\/decorhome-aix-en-provence-rejoint-laventure\/\" \/>\n<meta property=\"og:locale\" content=\"fr_FR\" \/>\n<meta property=\"og:type\" content=\"article\" \/>\n<meta property=\"og:title\" content=\"D\u00e9cor\u2019Home Aix-en-Provence rejoint l\u2019aventure ! | Site officiel du Soccer Club Aix-en-Provence F\u00e9minines\" \/>\n<meta property=\"og:description\" content=\"Page actualit\u00e9s du club de football f\u00e9minin Soccer Club Aix-en-Provence fond\u00e9 en 2023 \u00e0 Aix-en-Provence pr\u00e8s de Luynes, Bouc Bel Air.\" \/>\n<meta property=\"og:url\" content=\"https:\/\/sc-aix.fr\/index.php\/decorhome-aix-en-provence-rejoint-laventure\/\" \/>\n<meta property=\"og:site_name\" content=\"Site officiel du Soccer Club Aix-en-Provence F\u00e9minines\" \/>\n<meta property=\"article:publisher\" content=\"https:\/\/www.facebook.com\/SportingClubAixois\/\" \/>\n<meta property=\"article:published_time\" content=\"2026-08-31T12:54:34+00:00\" \/>\n<meta property=\"og:image\" content=\"https:\/\/sc-aix.fr\/wp-content\/uploads\/2026\/08\/decorhome_art.webp\" \/>\n\t<meta property=\"og:image:width\" content=\"1200\" \/>\n\t<meta property=\"og:image:height\" content=\"740\" \/>\n\t<meta property=\"og:image:type\" content=\"image\/webp\" \/>\n<meta name=\"author\" content=\"SCAF\" \/>\n<script type=\"application\/ld+json\" class=\"yoast-schema-graph\">{\"@context\":\"https:\\\/\\\/schema.org\",\"@graph\":[{\"@type\":\"Article\",\"@id\":\"https:\\\/\\\/sc-aix.fr\\\/index.php\\\/decorhome-aix-en-provence-rejoint-laventure\\\/#article\",\"isPartOf\":{\"@id\":\"https:\\\/\\\/sc-aix.fr\\\/index.php\\\/decorhome-aix-en-provence-rejoint-laventure\\\/\"},\"author\":{\"name\":\"SCAF\",\"@id\":\"https:\\\/\\\/sc-aix.fr\\\/#\\\/schema\\\/person\\\/106b7fd6a10f4b9da081651eb695f6bc\"},\"headline\":\"D\u00e9cor\u2019Home Aix-en-Provence rejoint l\u2019aventure !\",\"datePublished\":\"2026-08-31T12:54:34+00:00\",\"mainEntityOfPage\":{\"@id\":\"https:\\\/\\\/sc-aix.fr\\\/index.php\\\/decorhome-aix-en-provence-rejoint-laventure\\\/\"},\"wordCount\":165,\"commentCount\":0,\"publisher\":{\"@id\":\"https:\\\/\\\/sc-aix.fr\\\/#organization\"},\"image\":{\"@id\":\"https:\\\/\\\/sc-aix.fr\\\/index.php\\\/decorhome-aix-en-provence-rejoint-laventure\\\/#primaryimage\"},\"thumbnailUrl\":\"https:\\\/\\\/sc-aix.fr\\\/wp-content\\\/uploads\\\/2026\\\/08\\\/decorhome_art.webp\",\"keywords\":[\"Partenaires\"],\"articleSection\":[\"Acad\u00e9mie\",\"Club\"],\"inLanguage\":\"fr-FR\",\"potentialAction\":[{\"@type\":\"CommentAction\",\"name\":\"Comment\",\"target\":[\"https:\\\/\\\/sc-aix.fr\\\/index.php\\\/decorhome-aix-en-provence-rejoint-laventure\\\/#respond\"]}]},{\"@type\":\"WebPage\",\"@id\":\"https:\\\/\\\/sc-aix.fr\\\/index.php\\\/decorhome-aix-en-provence-rejoint-laventure\\\/\",\"url\":\"https:\\\/\\\/sc-aix.fr\\\/index.php\\\/decorhome-aix-en-provence-rejoint-laventure\\\/\",\"name\":\"D\u00e9cor\u2019Home Aix-en-Provence rejoint l\u2019aventure ! | Site officiel du Soccer Club Aix-en-Provence F\u00e9minines\",\"isPartOf\":{\"@id\":\"https:\\\/\\\/sc-aix.fr\\\/#website\"},\"primaryImageOfPage\":{\"@id\":\"https:\\\/\\\/sc-aix.fr\\\/index.php\\\/decorhome-aix-en-provence-rejoint-laventure\\\/#primaryimage\"},\"image\":{\"@id\":\"https:\\\/\\\/sc-aix.fr\\\/index.php\\\/decorhome-aix-en-provence-rejoint-laventure\\\/#primaryimage\"},\"thumbnailUrl\":\"https:\\\/\\\/sc-aix.fr\\\/wp-content\\\/uploads\\\/2026\\\/08\\\/decorhome_art.webp\",\"datePublished\":\"2026-08-31T12:54:34+00:00\",\"description\":\"Page actualit\u00e9s du club de football f\u00e9minin Soccer Club Aix-en-Provence fond\u00e9 en 2023 \u00e0 Aix-en-Provence pr\u00e8s de Luynes, Bouc Bel Air.\",\"breadcrumb\":{\"@id\":\"https:\\\/\\\/sc-aix.fr\\\/index.php\\\/decorhome-aix-en-provence-rejoint-laventure\\\/#breadcrumb\"},\"inLanguage\":\"fr-FR\",\"potentialAction\":[{\"@type\":\"ReadAction\",\"target\":[\"https:\\\/\\\/sc-aix.fr\\\/index.php\\\/decorhome-aix-en-provence-rejoint-laventure\\\/\"]}]},{\"@type\":\"ImageObject\",\"inLanguage\":\"fr-FR\",\"@id\":\"https:\\\/\\\/sc-aix.fr\\\/index.php\\\/decorhome-aix-en-provence-rejoint-laventure\\\/#primaryimage\",\"url\":\"https:\\\/\\\/sc-aix.fr\\\/wp-content\\\/uploads\\\/2026\\\/08\\\/decorhome_art.webp\",\"contentUrl\":\"https:\\\/\\\/sc-aix.fr\\\/wp-content\\\/uploads\\\/2026\\\/08\\\/decorhome_art.webp\",\"width\":1200,\"height\":740,\"caption\":\"Article Partenaire D\u00e9cor'home\"},{\"@type\":\"BreadcrumbList\",\"@id\":\"https:\\\/\\\/sc-aix.fr\\\/index.php\\\/decorhome-aix-en-provence-rejoint-laventure\\\/#breadcrumb\",\"itemListElement\":[{\"@type\":\"ListItem\",\"position\":1,\"name\":\"Accueil\",\"item\":\"https:\\\/\\\/sc-aix.fr\\\/\"},{\"@type\":\"ListItem\",\"position\":2,\"name\":\"D\u00e9cor\u2019Home Aix-en-Provence rejoint l\u2019aventure !\"}]},{\"@type\":\"WebSite\",\"@id\":\"https:\\\/\\\/sc-aix.fr\\\/#website\",\"url\":\"https:\\\/\\\/sc-aix.fr\\\/\",\"name\":\"Soccer Club Aix-en-Provence F\u00e9minines\",\"description\":\"Un club de football 100% F\u00e9minin au c\u0153ur d&#039;Aix-en-Provence.\",\"publisher\":{\"@id\":\"https:\\\/\\\/sc-aix.fr\\\/#organization\"},\"alternateName\":\"SCAF\",\"potentialAction\":[{\"@type\":\"SearchAction\",\"target\":{\"@type\":\"EntryPoint\",\"urlTemplate\":\"https:\\\/\\\/sc-aix.fr\\\/?s={search_term_string}\"},\"query-input\":{\"@type\":\"PropertyValueSpecification\",\"valueRequired\":true,\"valueName\":\"search_term_string\"}}],\"inLanguage\":\"fr-FR\"},{\"@type\":\"Organization\",\"@id\":\"https:\\\/\\\/sc-aix.fr\\\/#organization\",\"name\":\"Soccer Club Aix-en-Provence F\u00e9minines\",\"alternateName\":\"SCAF\",\"url\":\"https:\\\/\\\/sc-aix.fr\\\/\",\"logo\":{\"@type\":\"ImageObject\",\"inLanguage\":\"fr-FR\",\"@id\":\"https:\\\/\\\/sc-aix.fr\\\/#\\\/schema\\\/logo\\\/image\\\/\",\"url\":\"https:\\\/\\\/sc-aix.fr\\\/wp-content\\\/uploads\\\/2023\\\/03\\\/logo_aix_260x260.png\",\"contentUrl\":\"https:\\\/\\\/sc-aix.fr\\\/wp-content\\\/uploads\\\/2023\\\/03\\\/logo_aix_260x260.png\",\"width\":260,\"height\":260,\"caption\":\"Soccer Club Aix-en-Provence F\u00e9minines\"},\"image\":{\"@id\":\"https:\\\/\\\/sc-aix.fr\\\/#\\\/schema\\\/logo\\\/image\\\/\"},\"sameAs\":[\"https:\\\/\\\/www.facebook.com\\\/SportingClubAixois\\\/\",\"https:\\\/\\\/www.instagram.com\\\/scaixf\\\/\",\"https:\\\/\\\/www.youtube.com\\\/@SportingClubAix\",\"https:\\\/\\\/www.tiktok.com\\\/@scaixf\"]},{\"@type\":\"Person\",\"@id\":\"https:\\\/\\\/sc-aix.fr\\\/#\\\/schema\\\/person\\\/106b7fd6a10f4b9da081651eb695f6bc\",\"name\":\"SCAF\",\"image\":{\"@type\":\"ImageObject\",\"inLanguage\":\"fr-FR\",\"@id\":\"https:\\\/\\\/secure.gravatar.com\\\/avatar\\\/ed63181c9f67c3904228b9f7428a9f57d98bed29f2d735280b6795cecee851f3?s=96&d=mm&r=g\",\"url\":\"https:\\\/\\\/secure.gravatar.com\\\/avatar\\\/ed63181c9f67c3904228b9f7428a9f57d98bed29f2d735280b6795cecee851f3?s=96&d=mm&r=g\",\"contentUrl\":\"https:\\\/\\\/secure.gravatar.com\\\/avatar\\\/ed63181c9f67c3904228b9f7428a9f57d98bed29f2d735280b6795cecee851f3?s=96&d=mm&r=g\",\"caption\":\"SCAF\"},\"sameAs\":[\"https:\\\/\\\/sc-aix.fr\"]}]}<\/script>\n<!-- \/ Yoast SEO plugin. -->","yoast_head_json":{"title":"D\u00e9cor\u2019Home Aix-en-Provence rejoint l\u2019aventure ! | Site officiel du Soccer Club Aix-en-Provence F\u00e9minines","description":"Page actualit\u00e9s du club de football f\u00e9minin Soccer Club Aix-en-Provence fond\u00e9 en 2023 \u00e0 Aix-en-Provence pr\u00e8s de Luynes, Bouc Bel Air.","robots":{"index":"index","follow":"follow","max-snippet":"max-snippet:-1","max-image-preview":"max-image-preview:large","max-video-preview":"max-video-preview:-1"},"canonical":"https:\/\/sc-aix.fr\/index.php\/decorhome-aix-en-provence-rejoint-laventure\/","og_locale":"fr_FR","og_type":"article","og_title":"D\u00e9cor\u2019Home Aix-en-Provence rejoint l\u2019aventure ! | Site officiel du Soccer Club Aix-en-Provence F\u00e9minines","og_description":"Page actualit\u00e9s du club de football f\u00e9minin Soccer Club Aix-en-Provence fond\u00e9 en 2023 \u00e0 Aix-en-Provence pr\u00e8s de Luynes, Bouc Bel Air.","og_url":"https:\/\/sc-aix.fr\/index.php\/decorhome-aix-en-provence-rejoint-laventure\/","og_site_name":"Site officiel du Soccer Club Aix-en-Provence F\u00e9minines","article_publisher":"https:\/\/www.facebook.com\/SportingClubAixois\/","article_published_time":"2026-08-31T12:54:34+00:00","og_image":[{"width":1200,"height":740,"url":"https:\/\/sc-aix.fr\/wp-content\/uploads\/2026\/08\/decorhome_art.webp","type":"image\/webp"}],"author":"SCAF","schema":{"@context":"https:\/\/schema.org","@graph":[{"@type":"Article","@id":"https:\/\/sc-aix.fr\/index.php\/decorhome-aix-en-provence-rejoint-laventure\/#article","isPartOf":{"@id":"https:\/\/sc-aix.fr\/index.php\/decorhome-aix-en-provence-rejoint-laventure\/"},"author":{"name":"SCAF","@id":"https:\/\/sc-aix.fr\/#\/schema\/person\/106b7fd6a10f4b9da081651eb695f6bc"},"headline":"D\u00e9cor\u2019Home Aix-en-Provence rejoint l\u2019aventure !","datePublished":"2026-08-31T12:54:34+00:00","mainEntityOfPage":{"@id":"https:\/\/sc-aix.fr\/index.php\/decorhome-aix-en-provence-rejoint-laventure\/"},"wordCount":165,"commentCount":0,"publisher":{"@id":"https:\/\/sc-aix.fr\/#organization"},"image":{"@id":"https:\/\/sc-aix.fr\/index.php\/decorhome-aix-en-provence-rejoint-laventure\/#primaryimage"},"thumbnailUrl":"https:\/\/sc-aix.fr\/wp-content\/uploads\/2026\/08\/decorhome_art.webp","keywords":["Partenaires"],"articleSection":["Acad\u00e9mie","Club"],"inLanguage":"fr-FR","potentialAction":[{"@type":"CommentAction","name":"Comment","target":["https:\/\/sc-aix.fr\/index.php\/decorhome-aix-en-provence-rejoint-laventure\/#respond"]}]},{"@type":"WebPage","@id":"https:\/\/sc-aix.fr\/index.php\/decorhome-aix-en-provence-rejoint-laventure\/","url":"https:\/\/sc-aix.fr\/index.php\/decorhome-aix-en-provence-rejoint-laventure\/","name":"D\u00e9cor\u2019Home Aix-en-Provence rejoint l\u2019aventure ! | Site officiel du Soccer Club Aix-en-Provence F\u00e9minines","isPartOf":{"@id":"https:\/\/sc-aix.fr\/#website"},"primaryImageOfPage":{"@id":"https:\/\/sc-aix.fr\/index.php\/decorhome-aix-en-provence-rejoint-laventure\/#primaryimage"},"image":{"@id":"https:\/\/sc-aix.fr\/index.php\/decorhome-aix-en-provence-rejoint-laventure\/#primaryimage"},"thumbnailUrl":"https:\/\/sc-aix.fr\/wp-content\/uploads\/2026\/08\/decorhome_art.webp","datePublished":"2026-08-31T12:54:34+00:00","description":"Page actualit\u00e9s du club de football f\u00e9minin Soccer Club Aix-en-Provence fond\u00e9 en 2023 \u00e0 Aix-en-Provence pr\u00e8s de Luynes, Bouc Bel Air.","breadcrumb":{"@id":"https:\/\/sc-aix.fr\/index.php\/decorhome-aix-en-provence-rejoint-laventure\/#breadcrumb"},"inLanguage":"fr-FR","potentialAction":[{"@type":"ReadAction","target":["https:\/\/sc-aix.fr\/index.php\/decorhome-aix-en-provence-rejoint-laventure\/"]}]},{"@type":"ImageObject","inLanguage":"fr-FR","@id":"https:\/\/sc-aix.fr\/index.php\/decorhome-aix-en-provence-rejoint-laventure\/#primaryimage","url":"https:\/\/sc-aix.fr\/wp-content\/uploads\/2026\/08\/decorhome_art.webp","contentUrl":"https:\/\/sc-aix.fr\/wp-content\/uploads\/2026\/08\/decorhome_art.webp","width":1200,"height":740,"caption":"Article Partenaire D\u00e9cor'home"},{"@type":"BreadcrumbList","@id":"https:\/\/sc-aix.fr\/index.php\/decorhome-aix-en-provence-rejoint-laventure\/#breadcrumb","itemListElement":[{"@type":"ListItem","position":1,"name":"Accueil","item":"https:\/\/sc-aix.fr\/"},{"@type":"ListItem","position":2,"name":"D\u00e9cor\u2019Home Aix-en-Provence rejoint l\u2019aventure !"}]},{"@type":"WebSite","@id":"https:\/\/sc-aix.fr\/#website","url":"https:\/\/sc-aix.fr\/","name":"Soccer Club Aix-en-Provence F\u00e9minines","description":"Un club de football 100% F\u00e9minin au c\u0153ur d&#039;Aix-en-Provence.","publisher":{"@id":"https:\/\/sc-aix.fr\/#organization"},"alternateName":"SCAF","potentialAction":[{"@type":"SearchAction","target":{"@type":"EntryPoint","urlTemplate":"https:\/\/sc-aix.fr\/?s={search_term_string}"},"query-input":{"@type":"PropertyValueSpecification","valueRequired":true,"valueName":"search_term_string"}}],"inLanguage":"fr-FR"},{"@type":"Organization","@id":"https:\/\/sc-aix.fr\/#organization","name":"Soccer Club Aix-en-Provence F\u00e9minines","alternateName":"SCAF","url":"https:\/\/sc-aix.fr\/","logo":{"@type":"ImageObject","inLanguage":"fr-FR","@id":"https:\/\/sc-aix.fr\/#\/schema\/logo\/image\/","url":"https:\/\/sc-aix.fr\/wp-content\/uploads\/2023\/03\/logo_aix_260x260.png","contentUrl":"https:\/\/sc-aix.fr\/wp-content\/uploads\/2023\/03\/logo_aix_260x260.png","width":260,"height":260,"caption":"Soccer Club Aix-en-Provence F\u00e9minines"},"image":{"@id":"https:\/\/sc-aix.fr\/#\/schema\/logo\/image\/"},"sameAs":["https:\/\/www.facebook.com\/SportingClubAixois\/","https:\/\/www.instagram.com\/scaixf\/","https:\/\/www.youtube.com\/@SportingClubAix","https:\/\/www.tiktok.com\/@scaixf"]},{"@type":"Person","@id":"https:\/\/sc-aix.fr\/#\/schema\/person\/106b7fd6a10f4b9da081651eb695f6bc","name":"SCAF","image":{"@type":"ImageObject","inLanguage":"fr-FR","@id":"https:\/\/secure.gravatar.com\/avatar\/ed63181c9f67c3904228b9f7428a9f57d98bed29f2d735280b6795cecee851f3?s=96&d=mm&r=g","url":"https:\/\/secure.gravatar.com\/avatar\/ed63181c9f67c3904228b9f7428a9f57d98bed29f2d735280b6795cecee851f3?s=96&d=mm&r=g","contentUrl":"https:\/\/secure.gravatar.com\/avatar\/ed63181c9f67c3904228b9f7428a9f57d98bed29f2d735280b6795cecee851f3?s=96&d=mm&r=g","caption":"SCAF"},"sameAs":["https:\/\/sc-aix.fr"]}]}},"_links":{"self":[{"href":"https:\/\/sc-aix.fr\/index.php\/wp-json\/wp\/v2\/posts\/16903","targetHints":{"allow":["GET"]}}],"collection":[{"href":"https:\/\/sc-aix.fr\/index.php\/wp-json\/wp\/v2\/posts"}],"about":[{"href":"https:\/\/sc-aix.fr\/index.php\/wp-json\/wp\/v2\/types\/post"}],"author":[{"embeddable":true,"href":"https:\/\/sc-aix.fr\/index.php\/wp-json\/wp\/v2\/users\/1"}],"replies":[{"embeddable":true,"href":"https:\/\/sc-aix.fr\/index.php\/wp-json\/wp\/v2\/comments?post=16903"}],"version-history":[{"count":0,"href":"https:\/\/sc-aix.fr\/index.php\/wp-json\/wp\/v2\/posts\/16903\/revisions"}],"wp:featuredmedia":[{"embeddable":true,"href":"https:\/\/sc-aix.fr\/index.php\/wp-json\/wp\/v2\/media\/16905"}],"wp:attachment":[{"href":"https:\/\/sc-aix.fr\/index.php\/wp-json\/wp\/v2\/media?parent=16903"}],"wp:term":[{"taxonomy":"category","embeddable":true,"href":"https:\/\/sc-aix.fr\/index.php\/wp-json\/wp\/v2\/categories?post=16903"},{"taxonomy":"post_tag","embeddable":true,"href":"https:\/\/sc-aix.fr\/index.php\/wp-json\/wp\/v2\/tags?post=16903"}],"curies":[{"name":"wp","href":"https:\/\/api.w.org\/{rel}","templated":true}]}}